{"id":9677,"date":"2026-09-03T13:59:12","date_gmt":"2026-09-03T11:59:12","guid":{"rendered":"https:\/\/sh.no\/?p=9677"},"modified":"2026-09-03T14:40:03","modified_gmt":"2026-09-03T12:40:03","slug":"oslo-coffee-week-2026","status":"publish","type":"post","link":"https:\/\/sh.no\/en\/oslo-kaffeuke-2026\/","title":{"rendered":"Oslo Coffee Week 2026"},"content":{"rendered":"<p class=\"wp-block-paragraph\">For us, coffee is about more than what is in the cup. It is about the people who grow it, the places it comes from, different coffee varieties, processing and the art of brewing good coffee. During Oslo Coffee Week, from 5th to 12th September, we take you into a world of coffee flavours where you can learn more about coffee and taste coffee from several continents.<\/p>\n\n\n\n<p class=\"wp-block-paragraph\">Oslo Coffee Week is a great opportunity to share a curiosity for coffee. Because whether you have years of experience with coffee or are simply interested in tasting something new, there is always more to discover.<\/p>\n\n\n\n<h2 class=\"wp-block-heading\">Solberg &amp; Hansen's programme during Oslo Coffee Week<\/h2>\n\n\n\n<h3 class=\"wp-block-heading\">Nicaragua launch<\/h3>\n\n\n\n<p class=\"wp-block-paragraph\">Date: 5th September<br>Time: From 10:00<br>Location: Outside <a href=\"https:\/\/sh.no\/en\/concept-store\/\">Solberg &amp; Hansen concept store, Mathallen Oslo<\/a><\/p>\n\n\n\n<p class=\"wp-block-paragraph\">We are kicking off Oslo Coffee Week by launching our brand new micro-lot La Bendici\u00f3n from Nicaragua. Drop by our pop-up for delicious coffee, a coffee chat and a great atmosphere.<\/p>\n\n\n\n<h3 class=\"wp-block-heading\">Cupping with coffee buyers Alex and Morten<\/h3>\n\n\n\n<p class=\"wp-block-paragraph\">Date: 8 September<br>Time: 15.00<br>Venue: <a href=\"https:\/\/sh.no\/en\/concept-store\/\">Solberg &amp; Hansen concept store, Mathallen Oslo<\/a><br>Duration: Approx. one hour<\/p>\n\n\n\n<p class=\"wp-block-paragraph\">The cupping is free, open to everyone and requires no registration. You are very welcome!<\/p>\n\n\n\n<p class=\"wp-block-paragraph\">Together with our coffee buyers Morten and Alex, we invite you to a cupping of this autumn's new coffees. Here, as a participant, you get to step into our world of coffee and taste some of the coffees we have been looking forward to sharing this autumn.<\/p>\n\n\n\n<figure class=\"wp-block-image size-large\"><img loading=\"lazy\" decoding=\"async\" width=\"1024\" height=\"683\" src=\"https:\/\/sh.no\/wp-content\/uploads\/2025\/11\/IMG_6082-edited-1024x683.jpg\" alt=\"\" class=\"wp-image-9262\" srcset=\"https:\/\/sh.no\/wp-content\/uploads\/2025\/11\/IMG_6082-edited-1024x683.jpg 1024w, https:\/\/sh.no\/wp-content\/uploads\/2025\/11\/IMG_6082-edited-300x200.jpg 300w, https:\/\/sh.no\/wp-content\/uploads\/2025\/11\/IMG_6082-edited-768x512.jpg 768w, https:\/\/sh.no\/wp-content\/uploads\/2025\/11\/IMG_6082-edited-1536x1024.jpg 1536w, https:\/\/sh.no\/wp-content\/uploads\/2025\/11\/IMG_6082-edited-2048x1365.jpg 2048w, https:\/\/sh.no\/wp-content\/uploads\/2025\/11\/IMG_6082-edited-18x12.jpg 18w\" sizes=\"auto, (max-width: 1024px) 100vw, 1024px\" \/><\/figure>\n\n\n\n<h3 class=\"wp-block-heading\">Morning coffee in the concept store<\/h3>\n\n\n\n<p class=\"wp-block-paragraph\">Date: 10th-11th September<br>Time: 07.30<br>Venue: <a href=\"https:\/\/sh.no\/en\/concept-store\/\">Solberg &amp; Hansen concept store, Mathallen Oslo<\/a><\/p>\n\n\n\n<p class=\"wp-block-paragraph\">We are opening the concept store early on both Thursday and Friday so that you can enjoy your morning coffee with us. Our normal opening hours are from 10 am on weekdays, but on the 10th-11th of September we open as early as 7.30 am. Pop in for a cup of coffee on your way to work. <\/p>\n\n\n\n<p class=\"wp-block-paragraph\"><a href=\"https:\/\/kaffe.no\/oslo-kaffeuke\/\"><strong>Check out the Norwegian Coffee Association website for the full Oslo Coffee Week programme. <\/strong><\/a><\/p>\n\n\n\n<p class=\"wp-block-paragraph\">We look forward to a week filled with coffee, knowledge and great meetings, and to welcoming autumn with new flavours in the cup.<\/p>\n\n\n\n<figure class=\"wp-block-image size-large\"><img loading=\"lazy\" decoding=\"async\" width=\"1024\" height=\"681\" src=\"https:\/\/sh.no\/wp-content\/uploads\/2025\/04\/Konseptbutikk-Solberg-og-Hansen-handbrygg-2-1024x681.jpg\" alt=\"\" class=\"wp-image-7322\" srcset=\"https:\/\/sh.no\/wp-content\/uploads\/2025\/04\/Konseptbutikk-Solberg-og-Hansen-handbrygg-2-1024x681.jpg 1024w, https:\/\/sh.no\/wp-content\/uploads\/2025\/04\/Konseptbutikk-Solberg-og-Hansen-handbrygg-2-300x200.jpg 300w, https:\/\/sh.no\/wp-content\/uploads\/2025\/04\/Konseptbutikk-Solberg-og-Hansen-handbrygg-2-768x511.jpg 768w, https:\/\/sh.no\/wp-content\/uploads\/2025\/04\/Konseptbutikk-Solberg-og-Hansen-handbrygg-2-1536x1022.jpg 1536w, https:\/\/sh.no\/wp-content\/uploads\/2025\/04\/Konseptbutikk-Solberg-og-Hansen-handbrygg-2-2048x1363.jpg 2048w, https:\/\/sh.no\/wp-content\/uploads\/2025\/04\/Konseptbutikk-Solberg-og-Hansen-handbrygg-2-18x12.jpg 18w\" sizes=\"auto, (max-width: 1024px) 100vw, 1024px\" \/><\/figure>","protected":false},"excerpt":{"rendered":"<p>For oss handler kaffe om mer enn det som ligger i koppen. Det handler om menneskene som dyrker den, stedene den kommer fra, ulike kaffearter, foredling og kunsten \u00e5 brygge god kaffe. Under Oslo Kaffeuke 5.-12. september tar vi deg med inn i en verden av kaffesmaker hvor du f\u00e5r l\u00e6re mer om kaffe og [&hellip;]<\/p>\n","protected":false},"author":2,"featured_media":7292,"comment_status":"closed","ping_status":"open","sticky":false,"template":"","format":"standard","meta":{"_acf_changed":false,"inline_featured_image":false,"footnotes":""},"categories":[37],"tags":[],"class_list":["post-9677","post","type-post","status-publish","format-standard","has-post-thumbnail","hentry","category-fremhevet-konseptbutikk"],"acf":[],"yoast_head":"<!-- This site is optimized with the Yoast SEO plugin v28.4 - https:\/\/yoast.com\/product\/yoast-seo-wordpress\/ -->\n<title>Oslo Kaffeuke 2026 - Solberg og Hansen<\/title>\n<meta name=\"description\" content=\"Solberg &amp; Hansen inviterer til cupping med v\u00e5re kaffeinnkj\u00f8pere under Oslo kaffeuke 5.-12. september.\" \/>\n<meta name=\"robots\" content=\"index, follow, max-snippet:-1, max-image-preview:large, max-video-preview:-1\" \/>\n<link rel=\"canonical\" href=\"https:\/\/sh.no\/en\/oslo-coffee-week-2026\/\" \/>\n<meta property=\"og:locale\" content=\"en_GB\" \/>\n<meta property=\"og:type\" content=\"article\" \/>\n<meta property=\"og:title\" content=\"Oslo Kaffeuke 2026 - Solberg og Hansen\" \/>\n<meta property=\"og:description\" content=\"Solberg &amp; Hansen inviterer til cupping med v\u00e5re kaffeinnkj\u00f8pere under Oslo kaffeuke 5.-12. september.\" \/>\n<meta property=\"og:url\" content=\"https:\/\/sh.no\/en\/oslo-coffee-week-2026\/\" \/>\n<meta property=\"og:site_name\" content=\"Solberg og Hansen\" \/>\n<meta property=\"article:published_time\" content=\"2026-09-03T11:59:12+00:00\" \/>\n<meta property=\"article:modified_time\" content=\"2026-09-03T12:40:03+00:00\" \/>\n<meta property=\"og:image\" content=\"https:\/\/sh.no\/wp-content\/uploads\/2025\/04\/Konseptbutikk-Solberg-og-Hansen-svart-kaffe-scaled-e1788435101777.jpg\" \/>\n\t<meta property=\"og:image:width\" content=\"1702\" \/>\n\t<meta property=\"og:image:height\" content=\"1430\" \/>\n\t<meta property=\"og:image:type\" content=\"image\/jpeg\" \/>\n<meta name=\"author\" content=\"Marte Pritzlaff Njerve\" \/>\n<meta name=\"twitter:card\" content=\"summary_large_image\" \/>\n<meta name=\"twitter:label1\" content=\"Written by\" \/>\n\t<meta name=\"twitter:data1\" content=\"Marte Pritzlaff Njerve\" \/>\n\t<meta name=\"twitter:label2\" content=\"Est. reading time\" \/>\n\t<meta name=\"twitter:data2\" content=\"3 minutes\" \/>\n<script type=\"application\/ld+json\" class=\"yoast-schema-graph\">{\"@context\":\"https:\\\/\\\/schema.org\",\"@graph\":[{\"@type\":\"Article\",\"@id\":\"https:\\\/\\\/sh.no\\\/oslo-kaffeuke-2026\\\/#article\",\"isPartOf\":{\"@id\":\"https:\\\/\\\/sh.no\\\/oslo-kaffeuke-2026\\\/\"},\"author\":{\"name\":\"Marte Pritzlaff Njerve\",\"@id\":\"https:\\\/\\\/sh.no\\\/#\\\/schema\\\/person\\\/46f5999f3490ca7c0f0d0046938396e7\"},\"headline\":\"Oslo Kaffeuke 2026\",\"datePublished\":\"2026-09-03T11:59:12+00:00\",\"dateModified\":\"2026-09-03T12:40:03+00:00\",\"mainEntityOfPage\":{\"@id\":\"https:\\\/\\\/sh.no\\\/oslo-kaffeuke-2026\\\/\"},\"wordCount\":323,\"publisher\":{\"@id\":\"https:\\\/\\\/sh.no\\\/#organization\"},\"image\":{\"@id\":\"https:\\\/\\\/sh.no\\\/oslo-kaffeuke-2026\\\/#primaryimage\"},\"thumbnailUrl\":\"https:\\\/\\\/sh.no\\\/wp-content\\\/uploads\\\/2025\\\/04\\\/Konseptbutikk-Solberg-og-Hansen-svart-kaffe-scaled-e1788435101777.jpg\",\"articleSection\":[\"Konseptbutikk\"],\"inLanguage\":\"en-GB\"},{\"@type\":\"WebPage\",\"@id\":\"https:\\\/\\\/sh.no\\\/oslo-kaffeuke-2026\\\/\",\"url\":\"https:\\\/\\\/sh.no\\\/oslo-kaffeuke-2026\\\/\",\"name\":\"Oslo Kaffeuke 2026 - Solberg og Hansen\",\"isPartOf\":{\"@id\":\"https:\\\/\\\/sh.no\\\/#website\"},\"primaryImageOfPage\":{\"@id\":\"https:\\\/\\\/sh.no\\\/oslo-kaffeuke-2026\\\/#primaryimage\"},\"image\":{\"@id\":\"https:\\\/\\\/sh.no\\\/oslo-kaffeuke-2026\\\/#primaryimage\"},\"thumbnailUrl\":\"https:\\\/\\\/sh.no\\\/wp-content\\\/uploads\\\/2025\\\/04\\\/Konseptbutikk-Solberg-og-Hansen-svart-kaffe-scaled-e1788435101777.jpg\",\"datePublished\":\"2026-09-03T11:59:12+00:00\",\"dateModified\":\"2026-09-03T12:40:03+00:00\",\"description\":\"Solberg & Hansen inviterer til cupping med v\u00e5re kaffeinnkj\u00f8pere under Oslo kaffeuke 5.-12. september.\",\"breadcrumb\":{\"@id\":\"https:\\\/\\\/sh.no\\\/oslo-kaffeuke-2026\\\/#breadcrumb\"},\"inLanguage\":\"en-GB\",\"potentialAction\":[{\"@type\":\"ReadAction\",\"target\":[\"https:\\\/\\\/sh.no\\\/oslo-kaffeuke-2026\\\/\"]}]},{\"@type\":\"ImageObject\",\"inLanguage\":\"en-GB\",\"@id\":\"https:\\\/\\\/sh.no\\\/oslo-kaffeuke-2026\\\/#primaryimage\",\"url\":\"https:\\\/\\\/sh.no\\\/wp-content\\\/uploads\\\/2025\\\/04\\\/Konseptbutikk-Solberg-og-Hansen-svart-kaffe-scaled-e1788435101777.jpg\",\"contentUrl\":\"https:\\\/\\\/sh.no\\\/wp-content\\\/uploads\\\/2025\\\/04\\\/Konseptbutikk-Solberg-og-Hansen-svart-kaffe-scaled-e1788435101777.jpg\",\"width\":1702,\"height\":1430},{\"@type\":\"BreadcrumbList\",\"@id\":\"https:\\\/\\\/sh.no\\\/oslo-kaffeuke-2026\\\/#breadcrumb\",\"itemListElement\":[{\"@type\":\"ListItem\",\"position\":1,\"name\":\"Hjem\",\"item\":\"https:\\\/\\\/sh.no\\\/\"},{\"@type\":\"ListItem\",\"position\":2,\"name\":\"Oslo Kaffeuke 2026\"}]},{\"@type\":\"WebSite\",\"@id\":\"https:\\\/\\\/sh.no\\\/#website\",\"url\":\"https:\\\/\\\/sh.no\\\/\",\"name\":\"Solberg og Hansen\",\"description\":\"Inspirert av smak siden 1879\",\"publisher\":{\"@id\":\"https:\\\/\\\/sh.no\\\/#organization\"},\"potentialAction\":[{\"@type\":\"SearchAction\",\"target\":{\"@type\":\"EntryPoint\",\"urlTemplate\":\"https:\\\/\\\/sh.no\\\/?s={search_term_string}\"},\"query-input\":{\"@type\":\"PropertyValueSpecification\",\"valueRequired\":true,\"valueName\":\"search_term_string\"}}],\"inLanguage\":\"en-GB\"},{\"@type\":\"Organization\",\"@id\":\"https:\\\/\\\/sh.no\\\/#organization\",\"name\":\"Solberg og Hansen\",\"url\":\"https:\\\/\\\/sh.no\\\/\",\"logo\":{\"@type\":\"ImageObject\",\"inLanguage\":\"en-GB\",\"@id\":\"https:\\\/\\\/sh.no\\\/#\\\/schema\\\/logo\\\/image\\\/\",\"url\":\"https:\\\/\\\/sh.no\\\/wp-content\\\/uploads\\\/2024\\\/12\\\/SH_logo-1.svg\",\"contentUrl\":\"https:\\\/\\\/sh.no\\\/wp-content\\\/uploads\\\/2024\\\/12\\\/SH_logo-1.svg\",\"width\":453,\"height\":331,\"caption\":\"Solberg og Hansen\"},\"image\":{\"@id\":\"https:\\\/\\\/sh.no\\\/#\\\/schema\\\/logo\\\/image\\\/\"}},{\"@type\":\"Person\",\"@id\":\"https:\\\/\\\/sh.no\\\/#\\\/schema\\\/person\\\/46f5999f3490ca7c0f0d0046938396e7\",\"name\":\"Marte Pritzlaff Njerve\",\"image\":{\"@type\":\"ImageObject\",\"inLanguage\":\"en-GB\",\"@id\":\"https:\\\/\\\/secure.gravatar.com\\\/avatar\\\/ad25d4c6490551320244ae4d269a6c188a688dfff4e73ddd9d9b2fcaa60a1bf4?s=96&d=mm&r=g\",\"url\":\"https:\\\/\\\/secure.gravatar.com\\\/avatar\\\/ad25d4c6490551320244ae4d269a6c188a688dfff4e73ddd9d9b2fcaa60a1bf4?s=96&d=mm&r=g\",\"contentUrl\":\"https:\\\/\\\/secure.gravatar.com\\\/avatar\\\/ad25d4c6490551320244ae4d269a6c188a688dfff4e73ddd9d9b2fcaa60a1bf4?s=96&d=mm&r=g\",\"caption\":\"Marte Pritzlaff Njerve\"}}]}<\/script>\n<!-- \/ Yoast SEO plugin. -->","yoast_head_json":{"title":"Oslo Coffee Week 2026 - Solberg &amp; Hansen","description":"Solberg &amp; Hansen invites you to a cupping session with our coffee buyers during Oslo Coffee Week from 5th to 12th September.","robots":{"index":"index","follow":"follow","max-snippet":"max-snippet:-1","max-image-preview":"max-image-preview:large","max-video-preview":"max-video-preview:-1"},"canonical":"https:\/\/sh.no\/en\/oslo-coffee-week-2026\/","og_locale":"en_GB","og_type":"article","og_title":"Oslo Kaffeuke 2026 - Solberg og Hansen","og_description":"Solberg & Hansen inviterer til cupping med v\u00e5re kaffeinnkj\u00f8pere under Oslo kaffeuke 5.-12. september.","og_url":"https:\/\/sh.no\/en\/oslo-coffee-week-2026\/","og_site_name":"Solberg og Hansen","article_published_time":"2026-09-03T11:59:12+00:00","article_modified_time":"2026-09-03T12:40:03+00:00","og_image":[{"width":1702,"height":1430,"url":"https:\/\/sh.no\/wp-content\/uploads\/2025\/04\/Konseptbutikk-Solberg-og-Hansen-svart-kaffe-scaled-e1788435101777.jpg","type":"image\/jpeg"}],"author":"Marte Pritzlaff Njerve","twitter_card":"summary_large_image","twitter_misc":{"Written by":"Marte Pritzlaff Njerve","Est. reading time":"3 minutes"},"schema":{"@context":"https:\/\/schema.org","@graph":[{"@type":"Article","@id":"https:\/\/sh.no\/oslo-kaffeuke-2026\/#article","isPartOf":{"@id":"https:\/\/sh.no\/oslo-kaffeuke-2026\/"},"author":{"name":"Marte Pritzlaff Njerve","@id":"https:\/\/sh.no\/#\/schema\/person\/46f5999f3490ca7c0f0d0046938396e7"},"headline":"Oslo Kaffeuke 2026","datePublished":"2026-09-03T11:59:12+00:00","dateModified":"2026-09-03T12:40:03+00:00","mainEntityOfPage":{"@id":"https:\/\/sh.no\/oslo-kaffeuke-2026\/"},"wordCount":323,"publisher":{"@id":"https:\/\/sh.no\/#organization"},"image":{"@id":"https:\/\/sh.no\/oslo-kaffeuke-2026\/#primaryimage"},"thumbnailUrl":"https:\/\/sh.no\/wp-content\/uploads\/2025\/04\/Konseptbutikk-Solberg-og-Hansen-svart-kaffe-scaled-e1788435101777.jpg","articleSection":["Konseptbutikk"],"inLanguage":"en-GB"},{"@type":"WebPage","@id":"https:\/\/sh.no\/oslo-kaffeuke-2026\/","url":"https:\/\/sh.no\/oslo-kaffeuke-2026\/","name":"Oslo Coffee Week 2026 - Solberg &amp; Hansen","isPartOf":{"@id":"https:\/\/sh.no\/#website"},"primaryImageOfPage":{"@id":"https:\/\/sh.no\/oslo-kaffeuke-2026\/#primaryimage"},"image":{"@id":"https:\/\/sh.no\/oslo-kaffeuke-2026\/#primaryimage"},"thumbnailUrl":"https:\/\/sh.no\/wp-content\/uploads\/2025\/04\/Konseptbutikk-Solberg-og-Hansen-svart-kaffe-scaled-e1788435101777.jpg","datePublished":"2026-09-03T11:59:12+00:00","dateModified":"2026-09-03T12:40:03+00:00","description":"Solberg &amp; Hansen invites you to a cupping session with our coffee buyers during Oslo Coffee Week from 5th to 12th September.","breadcrumb":{"@id":"https:\/\/sh.no\/oslo-kaffeuke-2026\/#breadcrumb"},"inLanguage":"en-GB","potentialAction":[{"@type":"ReadAction","target":["https:\/\/sh.no\/oslo-kaffeuke-2026\/"]}]},{"@type":"ImageObject","inLanguage":"en-GB","@id":"https:\/\/sh.no\/oslo-kaffeuke-2026\/#primaryimage","url":"https:\/\/sh.no\/wp-content\/uploads\/2025\/04\/Konseptbutikk-Solberg-og-Hansen-svart-kaffe-scaled-e1788435101777.jpg","contentUrl":"https:\/\/sh.no\/wp-content\/uploads\/2025\/04\/Konseptbutikk-Solberg-og-Hansen-svart-kaffe-scaled-e1788435101777.jpg","width":1702,"height":1430},{"@type":"BreadcrumbList","@id":"https:\/\/sh.no\/oslo-kaffeuke-2026\/#breadcrumb","itemListElement":[{"@type":"ListItem","position":1,"name":"Hjem","item":"https:\/\/sh.no\/"},{"@type":"ListItem","position":2,"name":"Oslo Kaffeuke 2026"}]},{"@type":"WebSite","@id":"https:\/\/sh.no\/#website","url":"https:\/\/sh.no\/","name":"Solberg and Hansen","description":"Inspired by flavour since 1879","publisher":{"@id":"https:\/\/sh.no\/#organization"},"potentialAction":[{"@type":"SearchAction","target":{"@type":"EntryPoint","urlTemplate":"https:\/\/sh.no\/?s={search_term_string}"},"query-input":{"@type":"PropertyValueSpecification","valueRequired":true,"valueName":"search_term_string"}}],"inLanguage":"en-GB"},{"@type":"Organization","@id":"https:\/\/sh.no\/#organization","name":"Solberg and Hansen","url":"https:\/\/sh.no\/","logo":{"@type":"ImageObject","inLanguage":"en-GB","@id":"https:\/\/sh.no\/#\/schema\/logo\/image\/","url":"https:\/\/sh.no\/wp-content\/uploads\/2024\/12\/SH_logo-1.svg","contentUrl":"https:\/\/sh.no\/wp-content\/uploads\/2024\/12\/SH_logo-1.svg","width":453,"height":331,"caption":"Solberg og Hansen"},"image":{"@id":"https:\/\/sh.no\/#\/schema\/logo\/image\/"}},{"@type":"Person","@id":"https:\/\/sh.no\/#\/schema\/person\/46f5999f3490ca7c0f0d0046938396e7","name":"Marte Pritzlaff Njerve","image":{"@type":"ImageObject","inLanguage":"en-GB","@id":"https:\/\/secure.gravatar.com\/avatar\/ad25d4c6490551320244ae4d269a6c188a688dfff4e73ddd9d9b2fcaa60a1bf4?s=96&d=mm&r=g","url":"https:\/\/secure.gravatar.com\/avatar\/ad25d4c6490551320244ae4d269a6c188a688dfff4e73ddd9d9b2fcaa60a1bf4?s=96&d=mm&r=g","contentUrl":"https:\/\/secure.gravatar.com\/avatar\/ad25d4c6490551320244ae4d269a6c188a688dfff4e73ddd9d9b2fcaa60a1bf4?s=96&d=mm&r=g","caption":"Marte Pritzlaff Njerve"}}]}},"_links":{"self":[{"href":"https:\/\/sh.no\/en\/wp-json\/wp\/v2\/posts\/9677","targetHints":{"allow":["GET"]}}],"collection":[{"href":"https:\/\/sh.no\/en\/wp-json\/wp\/v2\/posts"}],"about":[{"href":"https:\/\/sh.no\/en\/wp-json\/wp\/v2\/types\/post"}],"author":[{"embeddable":true,"href":"https:\/\/sh.no\/en\/wp-json\/wp\/v2\/users\/2"}],"replies":[{"embeddable":true,"href":"https:\/\/sh.no\/en\/wp-json\/wp\/v2\/comments?post=9677"}],"version-history":[{"count":8,"href":"https:\/\/sh.no\/en\/wp-json\/wp\/v2\/posts\/9677\/revisions"}],"predecessor-version":[{"id":9686,"href":"https:\/\/sh.no\/en\/wp-json\/wp\/v2\/posts\/9677\/revisions\/9686"}],"wp:featuredmedia":[{"embeddable":true,"href":"https:\/\/sh.no\/en\/wp-json\/wp\/v2\/media\/7292"}],"wp:attachment":[{"href":"https:\/\/sh.no\/en\/wp-json\/wp\/v2\/media?parent=9677"}],"wp:term":[{"taxonomy":"category","embeddable":true,"href":"https:\/\/sh.no\/en\/wp-json\/wp\/v2\/categories?post=9677"},{"taxonomy":"post_tag","embeddable":true,"href":"https:\/\/sh.no\/en\/wp-json\/wp\/v2\/tags?post=9677"}],"curies":[{"name":"wp","href":"https:\/\/api.w.org\/{rel}","templated":true}]}}